{"id":1937,"date":"2026-01-20T06:29:52","date_gmt":"2026-01-20T05:29:52","guid":{"rendered":"https:\/\/www.sa-gerault-53.com\/?p=1937"},"modified":"2026-01-20T06:29:54","modified_gmt":"2026-01-20T05:29:54","slug":"realisation-isolation-thermique-exterieure-ite-pour-particulier-a-longuefuye","status":"publish","type":"post","link":"https:\/\/www.sa-gerault-53.com\/realisation-isolation-thermique-exterieure-ite-pour-particulier-a-longuefuye\/","title":{"rendered":"R\u00e9alisation : Isolation thermique ext\u00e9rieure (ITE) pour particulier \u00e0 Longuefuye"},"content":{"rendered":"\n<h2 class=\"wp-block-heading\">Am\u00e9liorer l\u2019efficacit\u00e9 \u00e9nerg\u00e9tique et l\u2019esth\u00e9tique de votre fa\u00e7ade<\/h2>\n\n\n\n<p>Gerault SAS est intervenue pour un <strong>particulier \u00e0 Longuefuye<\/strong> afin de r\u00e9aliser une <strong>isolation thermique par l\u2019ext\u00e9rieur (ITE)<\/strong> compl\u00e8te. L\u2019objectif \u00e9tait de r\u00e9duire les pertes \u00e9nerg\u00e9tiques du logement tout en modernisant l\u2019apparence de la fa\u00e7ade. Chaque \u00e9tape a \u00e9t\u00e9 r\u00e9alis\u00e9e avec rigueur pour garantir un r\u00e9sultat durable et esth\u00e9tique.<\/p>\n\n\n\n<p>Nous avons accompagn\u00e9 le client dans le <strong>choix des mat\u00e9riaux isolants et des enduits de finition<\/strong>, en tenant compte des contraintes thermiques, de l\u2019usage du b\u00e2timent et de l\u2019int\u00e9gration harmonieuse dans l\u2019environnement.<\/p>\n\n\n\n<h2 class=\"wp-block-heading\">Pr\u00e9paration des fa\u00e7ades et diagnostic<\/h2>\n\n\n\n<p>Avant la pose de l\u2019ITE, nous avons proc\u00e9d\u00e9 \u00e0 un <strong>diagnostic complet des fa\u00e7ades<\/strong> afin de d\u00e9tecter fissures, humidit\u00e9 et irr\u00e9gularit\u00e9s. La pr\u00e9paration des supports est essentielle pour assurer la durabilit\u00e9 et la performance de l\u2019isolation.<\/p>\n\n\n\n<p>Travaux pr\u00e9paratoires r\u00e9alis\u00e9s :<\/p>\n\n\n\n<ul class=\"wp-block-list\">\n<li>nettoyage et d\u00e9capage des surfaces,<\/li>\n\n\n\n<li>r\u00e9paration des fissures et reprise des enduits,<\/li>\n\n\n\n<li>mise en place des protections et fixations n\u00e9cessaires.<\/li>\n<\/ul>\n\n\n\n<h2 class=\"wp-block-heading\">Pose des panneaux isolants et enduits de finition<\/h2>\n\n\n\n<p>Nous avons pos\u00e9 des <strong>panneaux isolants de haute performance<\/strong> adapt\u00e9s aux fa\u00e7ades de particuliers (polystyr\u00e8ne expans\u00e9 ou laine de roche). Chaque panneau a \u00e9t\u00e9 parfaitement ajust\u00e9 et recouvert d\u2019un <strong>enduit de finition r\u00e9sistant aux intemp\u00e9ries et aux UV<\/strong>, garantissant isolation et esth\u00e9tisme.<\/p>\n\n\n\n<h2 class=\"wp-block-heading\">Finitions et valorisation de la fa\u00e7ade<\/h2>\n\n\n\n<p>L\u2019application des enduits a \u00e9t\u00e9 r\u00e9alis\u00e9e avec soin, en choisissant des couleurs harmonieuses pour valoriser l\u2019habitat. Les traitements hydrofuges et anti-fissures ont \u00e9t\u00e9 appliqu\u00e9s pour prolonger la durabilit\u00e9 de l\u2019ITE et prot\u00e9ger les murs sur le long terme.<\/p>\n\n\n\n<p>Cette r\u00e9alisation illustre parfaitement notre <strong>expertise en isolation thermique ext\u00e9rieure<\/strong> pour particuliers, alliant confort, \u00e9conomies d\u2019\u00e9nergie et valorisation du patrimoine.<\/p>\n\n\n\n<figure class=\"wp-block-image size-large is-resized\"><img fetchpriority=\"high\" decoding=\"async\" width=\"1024\" height=\"399\" src=\"https:\/\/www.sa-gerault-53.com\/media\/2026\/01\/ISOLATION-THERMIQUE-EXTERIEUR-ITE-PARTICULIER-LONGUEFUYE-1024x399.jpg\" alt=\"\" class=\"wp-image-1938\" style=\"object-fit:cover;width:1200px;height:400px\" srcset=\"https:\/\/www.sa-gerault-53.com\/media\/2026\/01\/ISOLATION-THERMIQUE-EXTERIEUR-ITE-PARTICULIER-LONGUEFUYE-1024x399.jpg 1024w, https:\/\/www.sa-gerault-53.com\/media\/2026\/01\/ISOLATION-THERMIQUE-EXTERIEUR-ITE-PARTICULIER-LONGUEFUYE-300x117.jpg 300w, https:\/\/www.sa-gerault-53.com\/media\/2026\/01\/ISOLATION-THERMIQUE-EXTERIEUR-ITE-PARTICULIER-LONGUEFUYE-768x299.jpg 768w, https:\/\/www.sa-gerault-53.com\/media\/2026\/01\/ISOLATION-THERMIQUE-EXTERIEUR-ITE-PARTICULIER-LONGUEFUYE-1536x598.jpg 1536w, https:\/\/www.sa-gerault-53.com\/media\/2026\/01\/ISOLATION-THERMIQUE-EXTERIEUR-ITE-PARTICULIER-LONGUEFUYE.jpg 1689w\" sizes=\"(max-width: 1024px) 100vw, 1024px\" \/><\/figure>\n\n\n\n<h2 class=\"wp-block-heading\">Zone d\u2019intervention de Gerault SAS<\/h2>\n\n\n\n<p>Nous intervenons pour vos projets d\u2019ITE \u00e0 <strong>Longuefuye<\/strong>, ainsi que dans toute la <strong>Mayenne (53)<\/strong> : Saint-Berthevin, Laval, Ch\u00e2teau-Gontier, Ern\u00e9e, Coss\u00e9-le-Vivien, Craon, Chang\u00e9, L\u2019Huisserie, Bonchamp-l\u00e8s-Laval, Louvern\u00e9.<\/p>\n\n\n\n<p>Nous nous d\u00e9pla\u00e7ons \u00e9galement dans les d\u00e9partements limitrophes :<\/p>\n\n\n\n<ul class=\"wp-block-list\">\n<li><strong>Ille-et-Vilaine (35)<\/strong> : Rennes, Foug\u00e8res, Vitr\u00e9<\/li>\n\n\n\n<li><strong>Maine-et-Loire (49)<\/strong> : Segr\u00e9-en-Anjou Bleu, Le Lion-d\u2019Angers, Angers<\/li>\n\n\n\n<li><strong>Sarthe (72)<\/strong> : Le Mans, Sabl\u00e9-sur-Sarthe<\/li>\n\n\n\n<li><strong>Loire-Atlantique (44)<\/strong> : Ch\u00e2teaubriant<\/li>\n<\/ul>\n\n\n\n<h2 class=\"wp-block-heading\">Demande de devis pour votre projet ITE<\/h2>\n\n\n\n<p>Pour une <strong>isolation thermique ext\u00e9rieure efficace et durable<\/strong> \u00e0 Longuefuye, <a href=\"https:\/\/www.sa-gerault-53.com\/nous-contacter-a-saint-berthevin\/\" title=\"Nous contacter \u00e0 Saint Berthevin\">contactez <strong>Gerault SAS<\/strong><\/a> d\u00e8s maintenant pour un devis personnalis\u00e9. Nous garantissons un accompagnement complet, des mat\u00e9riaux de qualit\u00e9 et une pose soign\u00e9e.<\/p>\n\n\n\n<p>\ud83d\udcde T\u00e9l\u00e9phone : <strong><a href=\"tel:+33243597272\" title=\"\">+33 2 43 59 72 72<\/a><\/strong><\/p>\n\n\n\n<p><\/p>\n","protected":false},"excerpt":{"rendered":"<p>Gerault SAS a r\u00e9alis\u00e9 une isolation thermique par l\u2019ext\u00e9rieur pour un particulier \u00e0 Longuefuye, avec pose de panneaux isolants, enduits de finition et valorisation de la fa\u00e7ade. Intervention sur tout le secteur Mayenne et d\u00e9partements limitrophes.<\/p>\n","protected":false},"author":1,"featured_media":1938,"comment_status":"closed","ping_status":"closed","sticky":false,"template":"","format":"standard","meta":{"_eb_attr":"","footnotes":""},"categories":[19],"tags":[],"class_list":["post-1937","post","type-post","status-publish","format-standard","has-post-thumbnail","hentry","category-isolation-thermique-par-lexterieur"],"aioseo_notices":[],"_links":{"self":[{"href":"https:\/\/www.sa-gerault-53.com\/api-json\/wp\/v2\/posts\/1937","targetHints":{"allow":["GET"]}}],"collection":[{"href":"https:\/\/www.sa-gerault-53.com\/api-json\/wp\/v2\/posts"}],"about":[{"href":"https:\/\/www.sa-gerault-53.com\/api-json\/wp\/v2\/types\/post"}],"author":[{"embeddable":true,"href":"https:\/\/www.sa-gerault-53.com\/api-json\/wp\/v2\/users\/1"}],"replies":[{"embeddable":true,"href":"https:\/\/www.sa-gerault-53.com\/api-json\/wp\/v2\/comments?post=1937"}],"version-history":[{"count":1,"href":"https:\/\/www.sa-gerault-53.com\/api-json\/wp\/v2\/posts\/1937\/revisions"}],"predecessor-version":[{"id":1939,"href":"https:\/\/www.sa-gerault-53.com\/api-json\/wp\/v2\/posts\/1937\/revisions\/1939"}],"wp:featuredmedia":[{"embeddable":true,"href":"https:\/\/www.sa-gerault-53.com\/api-json\/wp\/v2\/media\/1938"}],"wp:attachment":[{"href":"https:\/\/www.sa-gerault-53.com\/api-json\/wp\/v2\/media?parent=1937"}],"wp:term":[{"taxonomy":"category","embeddable":true,"href":"https:\/\/www.sa-gerault-53.com\/api-json\/wp\/v2\/categories?post=1937"},{"taxonomy":"post_tag","embeddable":true,"href":"https:\/\/www.sa-gerault-53.com\/api-json\/wp\/v2\/tags?post=1937"}],"curies":[{"name":"wp","href":"https:\/\/api.w.org\/{rel}","templated":true}]}}