{"id":1919,"date":"2026-01-20T06:11:51","date_gmt":"2026-01-20T05:11:51","guid":{"rendered":"https:\/\/www.sa-gerault-53.com\/?p=1919"},"modified":"2026-01-20T12:40:56","modified_gmt":"2026-01-20T11:40:56","slug":"realisation-pose-de-revetements-de-sols-pour-particuliers-et-professionnels","status":"publish","type":"post","link":"https:\/\/www.sa-gerault-53.com\/realisation-pose-de-revetements-de-sols-pour-particuliers-et-professionnels\/","title":{"rendered":"R\u00e9alisation : pose de rev\u00eatements de sols pour particuliers &amp; entreprises"},"content":{"rendered":"\t\t<div data-elementor-type=\"wp-post\" data-elementor-id=\"1919\" class=\"elementor elementor-1919\" data-elementor-post-type=\"post\">\n\t\t\t\t<div class=\"elementor-element elementor-element-9989f59 e-flex e-con-boxed e-con e-parent\" data-id=\"9989f59\" data-element_type=\"container\" data-e-type=\"container\">\n\t\t\t\t\t<div class=\"e-con-inner\">\n\t\t\t\t<div class=\"elementor-element elementor-element-712928b elementor-widget elementor-widget-text-editor\" data-id=\"712928b\" data-element_type=\"widget\" data-e-type=\"widget\" data-widget_type=\"text-editor.default\">\n\t\t\t\t\t\t\t\t\t<h2 data-pm-slice=\"1 1 []\">Un projet de rev\u00eatement de sol alliant esth\u00e9tique et durabilit\u00e9<\/h2>\n<p>Dans le cadre de cette r\u00e9alisation, notre entreprise est intervenue chez un <strong>particulier et un entreprise<\/strong> pour la <strong>pose compl\u00e8te de rev\u00eatements de sols<\/strong>, avec pour objectif d\u2019am\u00e9liorer \u00e0 la fois le confort, l\u2019esth\u00e9tique et la r\u00e9sistance des surfaces int\u00e9rieures. Ce projet s\u2019inscrit dans notre savoir-faire global en travaux de finition et de r\u00e9novation int\u00e9rieure.<\/p>\n<p>D\u00e8s la phase d\u2019\u00e9tude, nous avons accompagn\u00e9 le client dans le <strong>choix des mat\u00e9riaux<\/strong>, en tenant compte de l\u2019usage des pi\u00e8ces, du style recherch\u00e9 et des contraintes techniques du support existant.<\/p>\n<h2>Pr\u00e9paration des supports : une \u00e9tape essentielle<\/h2>\n<p>Avant la pose des nouveaux rev\u00eatements, un <strong>diagnostic pr\u00e9cis des sols existants<\/strong> a \u00e9t\u00e9 r\u00e9alis\u00e9. Les supports pr\u00e9sentaient des irr\u00e9gularit\u00e9s n\u00e9cessitant une pr\u00e9paration soign\u00e9e afin de garantir une finition parfaite et une excellente tenue dans le temps.<\/p>\n<p>Les travaux pr\u00e9paratoires ont inclus :<\/p>\n<ul data-spread=\"false\">\n<li>\n<p>le nettoyage et le d\u00e9graissage des surfaces,<\/p>\n<\/li>\n<li>\n<p>le ragr\u00e9age pour corriger les d\u00e9fauts de plan\u00e9it\u00e9,<\/p>\n<\/li>\n<li>\n<p>la v\u00e9rification de l\u2019humidit\u00e9 et de l\u2019adh\u00e9rence des supports.<\/p>\n<\/li>\n<\/ul>\n<p>Cette \u00e9tape conditionne directement la <strong>durabilit\u00e9 et l\u2019esth\u00e9tique du rev\u00eatement de sol<\/strong>.<\/p>\n<h2>Pose de rev\u00eatements de sols adapt\u00e9s \u00e0 chaque espace<\/h2>\n<p>Selon les pi\u00e8ces concern\u00e9es, plusieurs solutions ont \u00e9t\u00e9 mises en \u0153uvre :<\/p>\n<ul data-spread=\"false\">\n<li>\n<p><strong>sols souples<\/strong> pour les espaces de vie, offrant confort et facilit\u00e9 d\u2019entretien,<\/p>\n<\/li>\n<li>\n<p><strong>rev\u00eatements stratifi\u00e9s<\/strong> pour un rendu chaleureux et moderne,<\/p>\n<\/li>\n<li>\n<p><strong>sols r\u00e9sistants \u00e0 l\u2019humidit\u00e9<\/strong> pour les zones techniques.<\/p>\n<\/li>\n<\/ul>\n<p>Chaque pose a \u00e9t\u00e9 r\u00e9alis\u00e9e dans le respect des r\u00e8gles de l\u2019art, avec des d\u00e9coupes pr\u00e9cises, des finitions soign\u00e9es et une attention particuli\u00e8re port\u00e9e aux jonctions et aux plinthes.<\/p>\n<h2>Un r\u00e9sultat esth\u00e9tique et fonctionnel<\/h2>\n<p>\u00c0 l\u2019issue du chantier, le logement b\u00e9n\u00e9ficie d\u00e9sormais de <strong>sols harmonieux, r\u00e9sistants et faciles \u00e0 entretenir<\/strong>, parfaitement int\u00e9gr\u00e9s \u00e0 l\u2019ambiance int\u00e9rieure souhait\u00e9e par le client. Cette r\u00e9alisation illustre notre capacit\u00e9 \u00e0 proposer des <strong>solutions de rev\u00eatements de sols sur mesure<\/strong>, adapt\u00e9es aux besoins des particuliers et des professionnels.<\/p>\n<p>Le client a particuli\u00e8rement appr\u00e9ci\u00e9 la propret\u00e9 du chantier, le respect des d\u00e9lais et la qualit\u00e9 des finitions.<\/p>\t\t\t\t\t\t\t\t<\/div>\n\t\t\t\t<div class=\"elementor-element elementor-element-45c2a11 elementor-widget elementor-widget-gallery\" data-id=\"45c2a11\" data-element_type=\"widget\" data-e-type=\"widget\" data-settings=\"{&quot;gallery_layout&quot;:&quot;masonry&quot;,&quot;columns_tablet&quot;:3,&quot;columns_mobile_extra&quot;:3,&quot;columns_mobile&quot;:3,&quot;lazyload&quot;:&quot;yes&quot;,&quot;columns&quot;:4,&quot;gap&quot;:{&quot;unit&quot;:&quot;px&quot;,&quot;size&quot;:10,&quot;sizes&quot;:[]},&quot;gap_widescreen&quot;:{&quot;unit&quot;:&quot;px&quot;,&quot;size&quot;:&quot;&quot;,&quot;sizes&quot;:[]},&quot;gap_laptop&quot;:{&quot;unit&quot;:&quot;px&quot;,&quot;size&quot;:10,&quot;sizes&quot;:[]},&quot;gap_tablet_extra&quot;:{&quot;unit&quot;:&quot;px&quot;,&quot;size&quot;:10,&quot;sizes&quot;:[]},&quot;gap_tablet&quot;:{&quot;unit&quot;:&quot;px&quot;,&quot;size&quot;:10,&quot;sizes&quot;:[]},&quot;gap_mobile_extra&quot;:{&quot;unit&quot;:&quot;px&quot;,&quot;size&quot;:10,&quot;sizes&quot;:[]},&quot;gap_mobile&quot;:{&quot;unit&quot;:&quot;px&quot;,&quot;size&quot;:10,&quot;sizes&quot;:[]},&quot;link_to&quot;:&quot;file&quot;,&quot;overlay_background&quot;:&quot;yes&quot;,&quot;content_hover_animation&quot;:&quot;fade-in&quot;}\" data-widget_type=\"gallery.default\">\n\t\t\t\t\t\t\t<div class=\"elementor-gallery__container\">\n\t\t\t\t\t\t\t<a class=\"e-gallery-item elementor-gallery-item elementor-animated-content\" href=\"https:\/\/www.sa-gerault-53.com\/media\/2026\/01\/HARMONIE-MUTUEL-LE-MANS-PEINTURE-ET-SOL-PVC-EN-LAMES-POSE-A-BATONS-ROMPUS.jpg\" data-elementor-open-lightbox=\"yes\" data-elementor-lightbox-slideshow=\"45c2a11\" data-elementor-lightbox-title=\"HARMONIE-MUTUEL-LE-MANS-PEINTURE-ET-SOL-PVC-EN-LAMES-POSE-A-BATONS-ROMPUS\" data-e-action-hash=\"#elementor-action%3Aaction%3Dlightbox%26settings%3DeyJpZCI6MTkyMiwidXJsIjoiaHR0cHM6XC9cL3d3dy5zYS1nZXJhdWx0LTUzLmNvbVwvd3AtY29udGVudFwvdXBsb2Fkc1wvMjAyNlwvMDFcL0hBUk1PTklFLU1VVFVFTC1MRS1NQU5TLVBFSU5UVVJFLUVULVNPTC1QVkMtRU4tTEFNRVMtUE9TRS1BLUJBVE9OUy1ST01QVVMuanBnIiwic2xpZGVzaG93IjoiNDVjMmExMSJ9\">\n\t\t\t\t\t<div class=\"e-gallery-image elementor-gallery-item__image\" data-thumbnail=\"https:\/\/www.sa-gerault-53.com\/media\/2026\/01\/HARMONIE-MUTUEL-LE-MANS-PEINTURE-ET-SOL-PVC-EN-LAMES-POSE-A-BATONS-ROMPUS.jpg\" data-width=\"1530\" data-height=\"1806\" aria-label=\"\" role=\"img\" ><\/div>\n\t\t\t\t\t\t\t\t\t\t\t<div class=\"elementor-gallery-item__overlay\"><\/div>\n\t\t\t\t\t\t\t\t\t\t\t\t\t\t<\/a>\n\t\t\t\t\t\t\t<a class=\"e-gallery-item elementor-gallery-item elementor-animated-content\" href=\"https:\/\/www.sa-gerault-53.com\/media\/2026\/01\/ORANGE-LA-CHAPELLE-SUR-ERDRE-1.jpg\" data-elementor-open-lightbox=\"yes\" data-elementor-lightbox-slideshow=\"45c2a11\" data-elementor-lightbox-title=\"ORANGE-LA-CHAPELLE-SUR-ERDRE-1\" data-e-action-hash=\"#elementor-action%3Aaction%3Dlightbox%26settings%3DeyJpZCI6MTkyMywidXJsIjoiaHR0cHM6XC9cL3d3dy5zYS1nZXJhdWx0LTUzLmNvbVwvd3AtY29udGVudFwvdXBsb2Fkc1wvMjAyNlwvMDFcL09SQU5HRS1MQS1DSEFQRUxMRS1TVVItRVJEUkUtMS5qcGciLCJzbGlkZXNob3ciOiI0NWMyYTExIn0%3D\">\n\t\t\t\t\t<div class=\"e-gallery-image elementor-gallery-item__image\" data-thumbnail=\"https:\/\/www.sa-gerault-53.com\/media\/2026\/01\/ORANGE-LA-CHAPELLE-SUR-ERDRE-1.jpg\" data-width=\"1560\" data-height=\"907\" aria-label=\"\" role=\"img\" ><\/div>\n\t\t\t\t\t\t\t\t\t\t\t<div class=\"elementor-gallery-item__overlay\"><\/div>\n\t\t\t\t\t\t\t\t\t\t\t\t\t\t<\/a>\n\t\t\t\t\t\t\t<a class=\"e-gallery-item elementor-gallery-item elementor-animated-content\" href=\"https:\/\/www.sa-gerault-53.com\/media\/2026\/01\/ORANGE-LA-CHAPELLE-SUR-ERDRE-2.jpg\" data-elementor-open-lightbox=\"yes\" data-elementor-lightbox-slideshow=\"45c2a11\" data-elementor-lightbox-title=\"ORANGE-LA-CHAPELLE-SUR-ERDRE-2\" data-e-action-hash=\"#elementor-action%3Aaction%3Dlightbox%26settings%3DeyJpZCI6MTkyNCwidXJsIjoiaHR0cHM6XC9cL3d3dy5zYS1nZXJhdWx0LTUzLmNvbVwvd3AtY29udGVudFwvdXBsb2Fkc1wvMjAyNlwvMDFcL09SQU5HRS1MQS1DSEFQRUxMRS1TVVItRVJEUkUtMi5qcGciLCJzbGlkZXNob3ciOiI0NWMyYTExIn0%3D\">\n\t\t\t\t\t<div class=\"e-gallery-image elementor-gallery-item__image\" data-thumbnail=\"https:\/\/www.sa-gerault-53.com\/media\/2026\/01\/ORANGE-LA-CHAPELLE-SUR-ERDRE-2.jpg\" data-width=\"1560\" data-height=\"1109\" aria-label=\"\" role=\"img\" ><\/div>\n\t\t\t\t\t\t\t\t\t\t\t<div class=\"elementor-gallery-item__overlay\"><\/div>\n\t\t\t\t\t\t\t\t\t\t\t\t\t\t<\/a>\n\t\t\t\t\t\t\t<a class=\"e-gallery-item elementor-gallery-item elementor-animated-content\" href=\"https:\/\/www.sa-gerault-53.com\/media\/2026\/01\/RENOVATION-BUNGALOW-HABILLAGE-DES-PAROIS-EN-PANNEAU-PVC-ET-REVETEMENT-DE-SOL-PVC-AVEC-REMONTEES-1.jpg\" data-elementor-open-lightbox=\"yes\" data-elementor-lightbox-slideshow=\"45c2a11\" data-elementor-lightbox-title=\"RENOVATION-BUNGALOW-HABILLAGE-DES-PAROIS-EN-PANNEAU-PVC-ET-REVETEMENT-DE-SOL-PVC-AVEC-REMONTEES-1\" data-e-action-hash=\"#elementor-action%3Aaction%3Dlightbox%26settings%3DeyJpZCI6MTkyNSwidXJsIjoiaHR0cHM6XC9cL3d3dy5zYS1nZXJhdWx0LTUzLmNvbVwvd3AtY29udGVudFwvdXBsb2Fkc1wvMjAyNlwvMDFcL1JFTk9WQVRJT04tQlVOR0FMT1ctSEFCSUxMQUdFLURFUy1QQVJPSVMtRU4tUEFOTkVBVS1QVkMtRVQtUkVWRVRFTUVOVC1ERS1TT0wtUFZDLUFWRUMtUkVNT05URUVTLTEuanBnIiwic2xpZGVzaG93IjoiNDVjMmExMSJ9\">\n\t\t\t\t\t<div class=\"e-gallery-image elementor-gallery-item__image\" data-thumbnail=\"https:\/\/www.sa-gerault-53.com\/media\/2026\/01\/RENOVATION-BUNGALOW-HABILLAGE-DES-PAROIS-EN-PANNEAU-PVC-ET-REVETEMENT-DE-SOL-PVC-AVEC-REMONTEES-1.jpg\" data-width=\"1353\" data-height=\"1585\" aria-label=\"\" role=\"img\" ><\/div>\n\t\t\t\t\t\t\t\t\t\t\t<div class=\"elementor-gallery-item__overlay\"><\/div>\n\t\t\t\t\t\t\t\t\t\t\t\t\t\t<\/a>\n\t\t\t\t\t\t\t<a class=\"e-gallery-item elementor-gallery-item elementor-animated-content\" href=\"https:\/\/www.sa-gerault-53.com\/media\/2026\/01\/RENOVATION-BUNGALOW-HABILLAGE-DES-PAROIS-EN-PANNEAU-PVC-ET-REVETEMENT-DE-SOL-PVC-AVEC-REMONTEES-2.jpg\" data-elementor-open-lightbox=\"yes\" data-elementor-lightbox-slideshow=\"45c2a11\" data-elementor-lightbox-title=\"RENOVATION-BUNGALOW-HABILLAGE-DES-PAROIS-EN-PANNEAU-PVC-ET-REVETEMENT-DE-SOL-PVC-AVEC-REMONTEES-2\" data-e-action-hash=\"#elementor-action%3Aaction%3Dlightbox%26settings%3DeyJpZCI6MTkyNiwidXJsIjoiaHR0cHM6XC9cL3d3dy5zYS1nZXJhdWx0LTUzLmNvbVwvd3AtY29udGVudFwvdXBsb2Fkc1wvMjAyNlwvMDFcL1JFTk9WQVRJT04tQlVOR0FMT1ctSEFCSUxMQUdFLURFUy1QQVJPSVMtRU4tUEFOTkVBVS1QVkMtRVQtUkVWRVRFTUVOVC1ERS1TT0wtUFZDLUFWRUMtUkVNT05URUVTLTIuanBnIiwic2xpZGVzaG93IjoiNDVjMmExMSJ9\">\n\t\t\t\t\t<div class=\"e-gallery-image elementor-gallery-item__image\" data-thumbnail=\"https:\/\/www.sa-gerault-53.com\/media\/2026\/01\/RENOVATION-BUNGALOW-HABILLAGE-DES-PAROIS-EN-PANNEAU-PVC-ET-REVETEMENT-DE-SOL-PVC-AVEC-REMONTEES-2.jpg\" data-width=\"1500\" data-height=\"1368\" aria-label=\"\" role=\"img\" ><\/div>\n\t\t\t\t\t\t\t\t\t\t\t<div class=\"elementor-gallery-item__overlay\"><\/div>\n\t\t\t\t\t\t\t\t\t\t\t\t\t\t<\/a>\n\t\t\t\t\t\t\t<a class=\"e-gallery-item elementor-gallery-item elementor-animated-content\" href=\"https:\/\/www.sa-gerault-53.com\/media\/2026\/01\/RENOVATION-BUNGALOW-HABILLAGE-DES-PAROIS-EN-PANNEAU-PVC-ET-REVETEMENT-DE-SOL-PVC-AVEC-REMONTEES-3.jpg\" data-elementor-open-lightbox=\"yes\" data-elementor-lightbox-slideshow=\"45c2a11\" data-elementor-lightbox-title=\"RENOVATION-BUNGALOW-HABILLAGE-DES-PAROIS-EN-PANNEAU-PVC-ET-REVETEMENT-DE-SOL-PVC-AVEC-REMONTEES-3\" data-e-action-hash=\"#elementor-action%3Aaction%3Dlightbox%26settings%3DeyJpZCI6MTkyNywidXJsIjoiaHR0cHM6XC9cL3d3dy5zYS1nZXJhdWx0LTUzLmNvbVwvd3AtY29udGVudFwvdXBsb2Fkc1wvMjAyNlwvMDFcL1JFTk9WQVRJT04tQlVOR0FMT1ctSEFCSUxMQUdFLURFUy1QQVJPSVMtRU4tUEFOTkVBVS1QVkMtRVQtUkVWRVRFTUVOVC1ERS1TT0wtUFZDLUFWRUMtUkVNT05URUVTLTMuanBnIiwic2xpZGVzaG93IjoiNDVjMmExMSJ9\">\n\t\t\t\t\t<div class=\"e-gallery-image elementor-gallery-item__image\" data-thumbnail=\"https:\/\/www.sa-gerault-53.com\/media\/2026\/01\/RENOVATION-BUNGALOW-HABILLAGE-DES-PAROIS-EN-PANNEAU-PVC-ET-REVETEMENT-DE-SOL-PVC-AVEC-REMONTEES-3.jpg\" data-width=\"1872\" data-height=\"1314\" aria-label=\"\" role=\"img\" ><\/div>\n\t\t\t\t\t\t\t\t\t\t\t<div class=\"elementor-gallery-item__overlay\"><\/div>\n\t\t\t\t\t\t\t\t\t\t\t\t\t\t<\/a>\n\t\t\t\t\t\t\t<a class=\"e-gallery-item elementor-gallery-item elementor-animated-content\" href=\"https:\/\/www.sa-gerault-53.com\/media\/2026\/01\/RENOVATION-SIEGE-COMCOM-CRAON-1.jpg\" data-elementor-open-lightbox=\"yes\" data-elementor-lightbox-slideshow=\"45c2a11\" data-elementor-lightbox-title=\"RENOVATION-SIEGE-COMCOM-CRAON-1\" data-e-action-hash=\"#elementor-action%3Aaction%3Dlightbox%26settings%3DeyJpZCI6MTkyOCwidXJsIjoiaHR0cHM6XC9cL3d3dy5zYS1nZXJhdWx0LTUzLmNvbVwvd3AtY29udGVudFwvdXBsb2Fkc1wvMjAyNlwvMDFcL1JFTk9WQVRJT04tU0lFR0UtQ09NQ09NLUNSQU9OLTEuanBnIiwic2xpZGVzaG93IjoiNDVjMmExMSJ9\">\n\t\t\t\t\t<div class=\"e-gallery-image elementor-gallery-item__image\" data-thumbnail=\"https:\/\/www.sa-gerault-53.com\/media\/2026\/01\/RENOVATION-SIEGE-COMCOM-CRAON-1.jpg\" data-width=\"750\" data-height=\"1047\" aria-label=\"\" role=\"img\" ><\/div>\n\t\t\t\t\t\t\t\t\t\t\t<div class=\"elementor-gallery-item__overlay\"><\/div>\n\t\t\t\t\t\t\t\t\t\t\t\t\t\t<\/a>\n\t\t\t\t\t\t\t<a class=\"e-gallery-item elementor-gallery-item elementor-animated-content\" href=\"https:\/\/www.sa-gerault-53.com\/media\/2026\/01\/RENOVATION-SIEGE-COMCOM-CRAON-2.jpg\" data-elementor-open-lightbox=\"yes\" data-elementor-lightbox-slideshow=\"45c2a11\" data-elementor-lightbox-title=\"RENOVATION-SIEGE-COMCOM-CRAON-2\" data-e-action-hash=\"#elementor-action%3Aaction%3Dlightbox%26settings%3DeyJpZCI6MTkyOSwidXJsIjoiaHR0cHM6XC9cL3d3dy5zYS1nZXJhdWx0LTUzLmNvbVwvd3AtY29udGVudFwvdXBsb2Fkc1wvMjAyNlwvMDFcL1JFTk9WQVRJT04tU0lFR0UtQ09NQ09NLUNSQU9OLTIuanBnIiwic2xpZGVzaG93IjoiNDVjMmExMSJ9\">\n\t\t\t\t\t<div class=\"e-gallery-image elementor-gallery-item__image\" data-thumbnail=\"https:\/\/www.sa-gerault-53.com\/media\/2026\/01\/RENOVATION-SIEGE-COMCOM-CRAON-2.jpg\" data-width=\"922\" data-height=\"1578\" aria-label=\"\" role=\"img\" ><\/div>\n\t\t\t\t\t\t\t\t\t\t\t<div class=\"elementor-gallery-item__overlay\"><\/div>\n\t\t\t\t\t\t\t\t\t\t\t\t\t\t<\/a>\n\t\t\t\t\t\t\t<a class=\"e-gallery-item elementor-gallery-item elementor-animated-content\" href=\"https:\/\/www.sa-gerault-53.com\/media\/2026\/01\/SALLE-DE-RESTAURATION-OGEC-LA-SALLE-1.jpg\" data-elementor-open-lightbox=\"yes\" data-elementor-lightbox-slideshow=\"45c2a11\" data-elementor-lightbox-title=\"SALLE-DE-RESTAURATION-OGEC-LA-SALLE-1\" data-e-action-hash=\"#elementor-action%3Aaction%3Dlightbox%26settings%3DeyJpZCI6MTkzMCwidXJsIjoiaHR0cHM6XC9cL3d3dy5zYS1nZXJhdWx0LTUzLmNvbVwvd3AtY29udGVudFwvdXBsb2Fkc1wvMjAyNlwvMDFcL1NBTExFLURFLVJFU1RBVVJBVElPTi1PR0VDLUxBLVNBTExFLTEuanBnIiwic2xpZGVzaG93IjoiNDVjMmExMSJ9\">\n\t\t\t\t\t<div class=\"e-gallery-image elementor-gallery-item__image\" data-thumbnail=\"https:\/\/www.sa-gerault-53.com\/media\/2026\/01\/SALLE-DE-RESTAURATION-OGEC-LA-SALLE-1.jpg\" data-width=\"1393\" data-height=\"1783\" aria-label=\"\" role=\"img\" ><\/div>\n\t\t\t\t\t\t\t\t\t\t\t<div class=\"elementor-gallery-item__overlay\"><\/div>\n\t\t\t\t\t\t\t\t\t\t\t\t\t\t<\/a>\n\t\t\t\t\t\t\t<a class=\"e-gallery-item elementor-gallery-item elementor-animated-content\" href=\"https:\/\/www.sa-gerault-53.com\/media\/2026\/01\/SALLE-DE-RESTAURATION-OGEC-LA-SALLE-2.jpg\" data-elementor-open-lightbox=\"yes\" data-elementor-lightbox-slideshow=\"45c2a11\" data-elementor-lightbox-title=\"SALLE-DE-RESTAURATION-OGEC-LA-SALLE-2\" data-e-action-hash=\"#elementor-action%3Aaction%3Dlightbox%26settings%3DeyJpZCI6MTkzMSwidXJsIjoiaHR0cHM6XC9cL3d3dy5zYS1nZXJhdWx0LTUzLmNvbVwvd3AtY29udGVudFwvdXBsb2Fkc1wvMjAyNlwvMDFcL1NBTExFLURFLVJFU1RBVVJBVElPTi1PR0VDLUxBLVNBTExFLTIuanBnIiwic2xpZGVzaG93IjoiNDVjMmExMSJ9\">\n\t\t\t\t\t<div class=\"e-gallery-image elementor-gallery-item__image\" data-thumbnail=\"https:\/\/www.sa-gerault-53.com\/media\/2026\/01\/SALLE-DE-RESTAURATION-OGEC-LA-SALLE-2.jpg\" data-width=\"1395\" data-height=\"1898\" aria-label=\"\" role=\"img\" ><\/div>\n\t\t\t\t\t\t\t\t\t\t\t<div class=\"elementor-gallery-item__overlay\"><\/div>\n\t\t\t\t\t\t\t\t\t\t\t\t\t\t<\/a>\n\t\t\t\t\t\t\t<a class=\"e-gallery-item elementor-gallery-item elementor-animated-content\" href=\"https:\/\/www.sa-gerault-53.com\/media\/2026\/01\/SALLE-DE-RESTAURATION-OGEC-LA-SALLE-3.jpg\" data-elementor-open-lightbox=\"yes\" data-elementor-lightbox-slideshow=\"45c2a11\" data-elementor-lightbox-title=\"SALLE-DE-RESTAURATION-OGEC-LA-SALLE-3\" data-e-action-hash=\"#elementor-action%3Aaction%3Dlightbox%26settings%3DeyJpZCI6MTkzMiwidXJsIjoiaHR0cHM6XC9cL3d3dy5zYS1nZXJhdWx0LTUzLmNvbVwvd3AtY29udGVudFwvdXBsb2Fkc1wvMjAyNlwvMDFcL1NBTExFLURFLVJFU1RBVVJBVElPTi1PR0VDLUxBLVNBTExFLTMuanBnIiwic2xpZGVzaG93IjoiNDVjMmExMSJ9\">\n\t\t\t\t\t<div class=\"e-gallery-image elementor-gallery-item__image\" data-thumbnail=\"https:\/\/www.sa-gerault-53.com\/media\/2026\/01\/SALLE-DE-RESTAURATION-OGEC-LA-SALLE-3.jpg\" data-width=\"1221\" data-height=\"1006\" aria-label=\"\" role=\"img\" ><\/div>\n\t\t\t\t\t\t\t\t\t\t\t<div class=\"elementor-gallery-item__overlay\"><\/div>\n\t\t\t\t\t\t\t\t\t\t\t\t\t\t<\/a>\n\t\t\t\t\t\t\t<a class=\"e-gallery-item elementor-gallery-item elementor-animated-content\" href=\"https:\/\/www.sa-gerault-53.com\/media\/2026\/01\/CAFETERIA-USINE-LAVAL-SOL-PVC-EN-LAMES-scaled.jpg\" data-elementor-open-lightbox=\"yes\" data-elementor-lightbox-slideshow=\"45c2a11\" data-elementor-lightbox-title=\"CAFETERIA-USINE-LAVAL-SOL-PVC-EN-LAMES\" data-e-action-hash=\"#elementor-action%3Aaction%3Dlightbox%26settings%3DeyJpZCI6MTkyMCwidXJsIjoiaHR0cHM6XC9cL3d3dy5zYS1nZXJhdWx0LTUzLmNvbVwvd3AtY29udGVudFwvdXBsb2Fkc1wvMjAyNlwvMDFcL0NBRkVURVJJQS1VU0lORS1MQVZBTC1TT0wtUFZDLUVOLUxBTUVTLXNjYWxlZC5qcGciLCJzbGlkZXNob3ciOiI0NWMyYTExIn0%3D\">\n\t\t\t\t\t<div class=\"e-gallery-image elementor-gallery-item__image\" data-thumbnail=\"https:\/\/www.sa-gerault-53.com\/media\/2026\/01\/CAFETERIA-USINE-LAVAL-SOL-PVC-EN-LAMES-scaled.jpg\" data-width=\"2560\" data-height=\"1726\" aria-label=\"\" role=\"img\" ><\/div>\n\t\t\t\t\t\t\t\t\t\t\t<div class=\"elementor-gallery-item__overlay\"><\/div>\n\t\t\t\t\t\t\t\t\t\t\t\t\t\t<\/a>\n\t\t\t\t\t<\/div>\n\t\t\t\t\t<\/div>\n\t\t\t\t<div class=\"elementor-element elementor-element-5c206d1 elementor-widget elementor-widget-text-editor\" data-id=\"5c206d1\" data-element_type=\"widget\" data-e-type=\"widget\" data-widget_type=\"text-editor.default\">\n\t\t\t\t\t\t\t\t\t<h2>Notre expertise en rev\u00eatements de sols<\/h2>\n<p>Nous intervenons pour tous vos projets de <strong>pose de rev\u00eatements de sols<\/strong>, en neuf comme en r\u00e9novation :<\/p>\n<ul data-spread=\"false\">\n<li>\n<p>accompagnement dans le choix des mat\u00e9riaux,<\/p>\n<\/li>\n<li>\n<p>pr\u00e9paration des supports,<\/p>\n<\/li>\n<li>\n<p>pose soign\u00e9e et finitions haut de gamme.<\/p>\n<\/li>\n<\/ul>\n<p>Chaque r\u00e9alisation est men\u00e9e avec exigence afin de garantir un <strong>r\u00e9sultat durable, esth\u00e9tique et conforme aux attentes<\/strong>.<\/p>\n<h2>Zone d\u2019intervention de Gerault SAS<\/h2>\n<p>Dans le cadre de nos r\u00e9alisations en <strong>rev\u00eatements de sols<\/strong>, nous intervenons aupr\u00e8s des particuliers et des entreprises sur un large secteur.<\/p>\n<p>Nous r\u00e9alisons vos travaux \u00e0 <strong>\u00c9vron<\/strong>, mais aussi dans toute la <strong>Mayenne (53)<\/strong> : Saint-Berthevin, Laval, Ch\u00e2teau-Gontier, Ern\u00e9e, Coss\u00e9-le-Vivien, Craon, Chang\u00e9, L\u2019Huisserie, Bonchamp-l\u00e8s-Laval, Louvern\u00e9.<\/p>\n<p>Nous nous d\u00e9pla\u00e7ons \u00e9galement dans les d\u00e9partements limitrophes : <strong>Ille-et-Vilaine (35)<\/strong> sur l\u2019axe Rennes, Foug\u00e8res, Vitr\u00e9, <strong>Maine-et-Loire (49)<\/strong> vers Segr\u00e9-en-Anjou Bleu, Le Lion-d\u2019Angers et Angers, <strong>Sarthe (72)<\/strong> vers Le Mans et Sabl\u00e9-sur-Sarthe, ainsi que la <strong>Loire-Atlantique (44)<\/strong> sur le secteur de Ch\u00e2teaubriant.<\/p>\n<h2>Demande de devis pour vos rev\u00eatements de sols<\/h2>\n<p>Vous avez un projet de <strong>pose de rev\u00eatements de sols chez un particulier ou un entreprise<\/strong> ? Que ce soit pour une r\u00e9novation int\u00e9rieure ou un am\u00e9nagement neuf, <strong>Gerault SAS<\/strong> vous accompagne avec des solutions adapt\u00e9es, durables et esth\u00e9tiques.<\/p>\n<p>Contactez-nous d\u00e8s maintenant pour une <a href=\"https:\/\/www.sa-gerault-53.com\/nous-contacter-a-saint-berthevin\/\"><strong>demande de devis personnalis\u00e9e<\/strong><\/a> et b\u00e9n\u00e9ficiez de l\u2019expertise d\u2019une entreprise reconnue pour la qualit\u00e9 de ses finitions.<\/p>\n<p>\ud83d\udcde T\u00e9l\u00e9phone : <strong><a href=\"tel:+33243597272\">+33 2 43 59 72 72<\/a><\/strong><\/p>\t\t\t\t\t\t\t\t<\/div>\n\t\t\t\t\t<\/div>\n\t\t\t\t<\/div>\n\t\t\t\t<\/div>\n\t\t","protected":false},"excerpt":{"rendered":"<p>Gerault SAS a r\u00e9alis\u00e9 des travaux complets de rev\u00eatements de sols pour un particulier ou entreprise, alliant esth\u00e9tique, confort et durabilit\u00e9. Du choix des mat\u00e9riaux \u00e0 la pose finale, chaque \u00e9tape a \u00e9t\u00e9 ma\u00eetris\u00e9e pour garantir un rendu soign\u00e9 et adapt\u00e9 \u00e0 l\u2019usage quotidien. Cette r\u00e9alisation illustre notre savoir-faire dans la pose de rev\u00eatements de sols int\u00e9rieurs, avec une attention particuli\u00e8re port\u00e9e aux finitions et \u00e0 la pr\u00e9paration des supports. Nous intervenons en Mayenne et dans les d\u00e9partements limitrophes.<\/p>\n","protected":false},"author":1,"featured_media":1920,"comment_status":"closed","ping_status":"closed","sticky":false,"template":"","format":"standard","meta":{"_eb_attr":"","footnotes":""},"categories":[18],"tags":[],"class_list":["post-1919","post","type-post","status-publish","format-standard","has-post-thumbnail","hentry","category-revetements-de-sols"],"aioseo_notices":[],"_links":{"self":[{"href":"https:\/\/www.sa-gerault-53.com\/api-json\/wp\/v2\/posts\/1919","targetHints":{"allow":["GET"]}}],"collection":[{"href":"https:\/\/www.sa-gerault-53.com\/api-json\/wp\/v2\/posts"}],"about":[{"href":"https:\/\/www.sa-gerault-53.com\/api-json\/wp\/v2\/types\/post"}],"author":[{"embeddable":true,"href":"https:\/\/www.sa-gerault-53.com\/api-json\/wp\/v2\/users\/1"}],"replies":[{"embeddable":true,"href":"https:\/\/www.sa-gerault-53.com\/api-json\/wp\/v2\/comments?post=1919"}],"version-history":[{"count":12,"href":"https:\/\/www.sa-gerault-53.com\/api-json\/wp\/v2\/posts\/1919\/revisions"}],"predecessor-version":[{"id":1955,"href":"https:\/\/www.sa-gerault-53.com\/api-json\/wp\/v2\/posts\/1919\/revisions\/1955"}],"wp:featuredmedia":[{"embeddable":true,"href":"https:\/\/www.sa-gerault-53.com\/api-json\/wp\/v2\/media\/1920"}],"wp:attachment":[{"href":"https:\/\/www.sa-gerault-53.com\/api-json\/wp\/v2\/media?parent=1919"}],"wp:term":[{"taxonomy":"category","embeddable":true,"href":"https:\/\/www.sa-gerault-53.com\/api-json\/wp\/v2\/categories?post=1919"},{"taxonomy":"post_tag","embeddable":true,"href":"https:\/\/www.sa-gerault-53.com\/api-json\/wp\/v2\/tags?post=1919"}],"curies":[{"name":"wp","href":"https:\/\/api.w.org\/{rel}","templated":true}]}}